{"id":353,"date":"2023-07-25T09:44:07","date_gmt":"2023-07-25T08:44:07","guid":{"rendered":"http:\/\/www.acdc-bjj.net\/?p=353"},"modified":"2023-07-25T09:51:43","modified_gmt":"2023-07-25T08:51:43","slug":"triomphe-au-jiu-jitsu-bresilien-vanessa-petitfils-championne-de-france-ludovic-baussant-vice-champion","status":"publish","type":"post","link":"http:\/\/www.acdc-bjj.net\/index.php\/2023\/07\/25\/triomphe-au-jiu-jitsu-bresilien-vanessa-petitfils-championne-de-france-ludovic-baussant-vice-champion\/","title":{"rendered":"Triomphe au Jiu-Jitsu Br\u00e9silien : Vanessa Petitfils Championne de France, Ludovic Baussant Vice-Champion !"},"content":{"rendered":"\n<p><\/p>\n\n\n\n<p>Vanessa remporte le titre de championne de France de sa cat\u00e9gorie et Ludovic est vice-champion de France avec un parcours impressionnant.<\/p>\n\n\n\n<figure class=\"wp-block-image size-full is-resized\"><img data-recalc-dims=\"1\" fetchpriority=\"high\" decoding=\"async\" data-attachment-id=\"355\" data-permalink=\"http:\/\/www.acdc-bjj.net\/index.php\/2023\/07\/25\/triomphe-au-jiu-jitsu-bresilien-vanessa-petitfils-championne-de-france-ludovic-baussant-vice-champion\/96922224-3b4a8441\/\" data-orig-file=\"https:\/\/i0.wp.com\/www.acdc-bjj.net\/wp-content\/uploads\/2023\/07\/96922224-3B4A8441.jpg?fit=568%2C757\" data-orig-size=\"568,757\" data-comments-opened=\"0\" data-image-meta=\"{&quot;aperture&quot;:&quot;0&quot;,&quot;credit&quot;:&quot;&quot;,&quot;camera&quot;:&quot;Canon EOS 5D Mark IV&quot;,&quot;caption&quot;:&quot;&quot;,&quot;created_timestamp&quot;:&quot;1687001801&quot;,&quot;copyright&quot;:&quot;&quot;,&quot;focal_length&quot;:&quot;85&quot;,&quot;iso&quot;:&quot;2000&quot;,&quot;shutter_speed&quot;:&quot;0.003125&quot;,&quot;title&quot;:&quot;&quot;,&quot;orientation&quot;:&quot;1&quot;}\" data-image-title=\"96922224-3B4A8441\" data-image-description=\"\" data-image-caption=\"\" data-large-file=\"https:\/\/i0.wp.com\/www.acdc-bjj.net\/wp-content\/uploads\/2023\/07\/96922224-3B4A8441.jpg?fit=525%2C700\" src=\"https:\/\/i0.wp.com\/www.acdc-bjj.net\/wp-content\/uploads\/2023\/07\/96922224-3B4A8441.jpg?resize=231%2C308\" alt=\"\" class=\"wp-image-355\" width=\"231\" height=\"308\" srcset=\"https:\/\/i0.wp.com\/www.acdc-bjj.net\/wp-content\/uploads\/2023\/07\/96922224-3B4A8441.jpg?w=568 568w, https:\/\/i0.wp.com\/www.acdc-bjj.net\/wp-content\/uploads\/2023\/07\/96922224-3B4A8441.jpg?resize=225%2C300 225w\" sizes=\"(max-width: 231px) 100vw, 231px\" \/><\/figure>\n\n\n\n<p>Apr\u00e8s une pr\u00e9paration intense au stage de Jiu-Jitsu br\u00e9silien \u00e0 Suc\u00e9-sur-Erdre, Vanessa a brillamment repr\u00e9sent\u00e9 le club ACDC-BJJ aux championnats de France de la CFJJB. Gr\u00e2ce \u00e0 son d\u00e9vouement, sa pers\u00e9v\u00e9rance et son talent, elle a r\u00e9ussi \u00e0 remporter le titre tant convoit\u00e9 de championne de France dans sa cat\u00e9gorie. Sa technique ma\u00eetris\u00e9e et son esprit d&rsquo;\u00e9quipe exemplaire ont \u00e9t\u00e9 des atouts majeurs lors des combats acharn\u00e9s qu&rsquo;elle a d\u00fb livrer tout au long de la comp\u00e9tition.<\/p>\n\n\n\n<p>De son c\u00f4t\u00e9, Ludovic s&rsquo;est \u00e9galement distingu\u00e9 lors de ces championnats. Avec d\u00e9termination et passion, il a parcouru un chemin remarquable jusqu&rsquo;\u00e0 la finale. Ses performances impressionnantes sur le tatami lui ont valu la m\u00e9daille de vice-champion de France. Son beau parcours t\u00e9moigne de son engagement sans faille envers ce sport et de sa volont\u00e9 de se d\u00e9passer.<\/p>\n\n\n\n<figure class=\"wp-block-image size-large\"><img data-recalc-dims=\"1\" decoding=\"async\" width=\"525\" height=\"242\" data-attachment-id=\"356\" data-permalink=\"http:\/\/www.acdc-bjj.net\/index.php\/2023\/07\/25\/triomphe-au-jiu-jitsu-bresilien-vanessa-petitfils-championne-de-france-ludovic-baussant-vice-champion\/354459618_649027240599183_6725846759040047925_n\/\" data-orig-file=\"https:\/\/i0.wp.com\/www.acdc-bjj.net\/wp-content\/uploads\/2023\/07\/354459618_649027240599183_6725846759040047925_n.jpg?fit=2048%2C943\" data-orig-size=\"2048,943\" data-comments-opened=\"0\" data-image-meta=\"{&quot;aperture&quot;:&quot;0&quot;,&quot;credit&quot;:&quot;&quot;,&quot;camera&quot;:&quot;&quot;,&quot;caption&quot;:&quot;&quot;,&quot;created_timestamp&quot;:&quot;0&quot;,&quot;copyright&quot;:&quot;&quot;,&quot;focal_length&quot;:&quot;0&quot;,&quot;iso&quot;:&quot;0&quot;,&quot;shutter_speed&quot;:&quot;0&quot;,&quot;title&quot;:&quot;&quot;,&quot;orientation&quot;:&quot;0&quot;}\" data-image-title=\"354459618_649027240599183_6725846759040047925_n\" data-image-description=\"\" data-image-caption=\"\" data-large-file=\"https:\/\/i0.wp.com\/www.acdc-bjj.net\/wp-content\/uploads\/2023\/07\/354459618_649027240599183_6725846759040047925_n.jpg?fit=525%2C242\" src=\"https:\/\/i0.wp.com\/www.acdc-bjj.net\/wp-content\/uploads\/2023\/07\/354459618_649027240599183_6725846759040047925_n.jpg?resize=525%2C242\" alt=\"\" class=\"wp-image-356\" srcset=\"https:\/\/i0.wp.com\/www.acdc-bjj.net\/wp-content\/uploads\/2023\/07\/354459618_649027240599183_6725846759040047925_n.jpg?resize=1024%2C472 1024w, https:\/\/i0.wp.com\/www.acdc-bjj.net\/wp-content\/uploads\/2023\/07\/354459618_649027240599183_6725846759040047925_n.jpg?resize=300%2C138 300w, https:\/\/i0.wp.com\/www.acdc-bjj.net\/wp-content\/uploads\/2023\/07\/354459618_649027240599183_6725846759040047925_n.jpg?resize=768%2C354 768w, https:\/\/i0.wp.com\/www.acdc-bjj.net\/wp-content\/uploads\/2023\/07\/354459618_649027240599183_6725846759040047925_n.jpg?resize=1536%2C707 1536w, https:\/\/i0.wp.com\/www.acdc-bjj.net\/wp-content\/uploads\/2023\/07\/354459618_649027240599183_6725846759040047925_n.jpg?w=2048 2048w\" sizes=\"(max-width: 767px) 89vw, (max-width: 1000px) 54vw, (max-width: 1071px) 543px, 580px\" \/><\/figure>\n\n\n\n<p>Le club ACDC-BJJ peut \u00eatre fier de ses repr\u00e9sentants, qui ont su mettre en avant l&rsquo;entraide et le d\u00e9passement de soi pr\u00f4n\u00e9s par leur entra\u00eeneur Hakim Ait Ouaret. Gr\u00e2ce \u00e0 leur succ\u00e8s aux championnats de France, ils contribuent activement au d\u00e9veloppement du Jiu-Jitsu br\u00e9silien dans la r\u00e9gion de Suc\u00e9-sur-Erdre.<\/p>\n\n\n\n<p>Ces performances exemplaires inspireront certainement les autres membres du club \u00e0 poursuivre leurs efforts et \u00e0 viser \u00e9galement le podium lors des prochaines comp\u00e9titions. F\u00e9licitations \u00e0 Vanessa pour son titre de championne de France et \u00e0 Ludovic pour sa brillante m\u00e9daille de vice-champion. Leur succ\u00e8s est une source de fiert\u00e9 pour toute la communaut\u00e9 du Jiu-Jitsu br\u00e9silien \u00e0 Suc\u00e9-sur-Erdre et au-del\u00e0 !<\/p>\n\n\n\n<figure class=\"wp-block-image size-large\"><img data-recalc-dims=\"1\" decoding=\"async\" width=\"525\" height=\"350\" data-attachment-id=\"359\" data-permalink=\"http:\/\/www.acdc-bjj.net\/index.php\/2023\/07\/25\/triomphe-au-jiu-jitsu-bresilien-vanessa-petitfils-championne-de-france-ludovic-baussant-vice-champion\/96922223-3b4a8440\/\" data-orig-file=\"https:\/\/i0.wp.com\/www.acdc-bjj.net\/wp-content\/uploads\/2023\/07\/96922223-3B4A8440.jpg?fit=1226%2C817\" data-orig-size=\"1226,817\" data-comments-opened=\"0\" data-image-meta=\"{&quot;aperture&quot;:&quot;0&quot;,&quot;credit&quot;:&quot;&quot;,&quot;camera&quot;:&quot;Canon EOS 5D Mark IV&quot;,&quot;caption&quot;:&quot;&quot;,&quot;created_timestamp&quot;:&quot;1687001785&quot;,&quot;copyright&quot;:&quot;&quot;,&quot;focal_length&quot;:&quot;85&quot;,&quot;iso&quot;:&quot;2000&quot;,&quot;shutter_speed&quot;:&quot;0.002&quot;,&quot;title&quot;:&quot;&quot;,&quot;orientation&quot;:&quot;0&quot;}\" data-image-title=\"96922223-3B4A8440\" data-image-description=\"\" data-image-caption=\"\" data-large-file=\"https:\/\/i0.wp.com\/www.acdc-bjj.net\/wp-content\/uploads\/2023\/07\/96922223-3B4A8440.jpg?fit=525%2C350\" src=\"https:\/\/i0.wp.com\/www.acdc-bjj.net\/wp-content\/uploads\/2023\/07\/96922223-3B4A8440.jpg?resize=525%2C350\" alt=\"\" class=\"wp-image-359\" srcset=\"https:\/\/i0.wp.com\/www.acdc-bjj.net\/wp-content\/uploads\/2023\/07\/96922223-3B4A8440.jpg?resize=1024%2C682 1024w, https:\/\/i0.wp.com\/www.acdc-bjj.net\/wp-content\/uploads\/2023\/07\/96922223-3B4A8440.jpg?resize=300%2C200 300w, https:\/\/i0.wp.com\/www.acdc-bjj.net\/wp-content\/uploads\/2023\/07\/96922223-3B4A8440.jpg?resize=768%2C512 768w, https:\/\/i0.wp.com\/www.acdc-bjj.net\/wp-content\/uploads\/2023\/07\/96922223-3B4A8440.jpg?w=1226 1226w\" sizes=\"(max-width: 767px) 89vw, (max-width: 1000px) 54vw, (max-width: 1071px) 543px, 580px\" \/><\/figure>\n","protected":false},"excerpt":{"rendered":"<p>Vanessa remporte le titre de championne de France de sa cat\u00e9gorie et Ludovic est vice-champion de France avec un parcours impressionnant. Apr\u00e8s une pr\u00e9paration intense au stage de Jiu-Jitsu br\u00e9silien \u00e0 Suc\u00e9-sur-Erdre, Vanessa a brillamment repr\u00e9sent\u00e9 le club ACDC-BJJ aux championnats de France de la CFJJB. Gr\u00e2ce \u00e0 son d\u00e9vouement, sa pers\u00e9v\u00e9rance et son talent, &hellip; <\/p>\n<p class=\"link-more\"><a href=\"http:\/\/www.acdc-bjj.net\/index.php\/2023\/07\/25\/triomphe-au-jiu-jitsu-bresilien-vanessa-petitfils-championne-de-france-ludovic-baussant-vice-champion\/\" class=\"more-link\">Continuer la lecture<span class=\"screen-reader-text\"> de &laquo;&nbsp;Triomphe au Jiu-Jitsu Br\u00e9silien : Vanessa Petitfils Championne de France, Ludovic Baussant Vice-Champion !&nbsp;&raquo;<\/span><\/a><\/p>\n","protected":false},"author":1,"featured_media":0,"comment_status":"closed","ping_status":"open","sticky":false,"template":"","format":"standard","meta":{"om_disable_all_campaigns":false,"_monsterinsights_skip_tracking":false,"_monsterinsights_sitenote_active":false,"_monsterinsights_sitenote_note":"","_monsterinsights_sitenote_category":0,"ngg_post_thumbnail":0,"jetpack_post_was_ever_published":false,"_jetpack_newsletter_access":"","_jetpack_dont_email_post_to_subs":false,"_jetpack_newsletter_tier_id":0,"_jetpack_memberships_contains_paywalled_content":false,"_jetpack_memberships_contains_paid_content":false,"footnotes":"","jetpack_publicize_message":"","jetpack_publicize_feature_enabled":true,"jetpack_social_post_already_shared":true,"jetpack_social_options":{"image_generator_settings":{"template":"highway","default_image_id":0,"font":"","enabled":false},"version":2}},"categories":[1],"tags":[],"class_list":["post-353","post","type-post","status-publish","format-standard","hentry","category-articles"],"aioseo_notices":[],"jetpack_publicize_connections":[],"jetpack_featured_media_url":"","jetpack_sharing_enabled":true,"jetpack_shortlink":"https:\/\/wp.me\/p7REKu-5H","jetpack-related-posts":[],"_links":{"self":[{"href":"http:\/\/www.acdc-bjj.net\/index.php\/wp-json\/wp\/v2\/posts\/353","targetHints":{"allow":["GET"]}}],"collection":[{"href":"http:\/\/www.acdc-bjj.net\/index.php\/wp-json\/wp\/v2\/posts"}],"about":[{"href":"http:\/\/www.acdc-bjj.net\/index.php\/wp-json\/wp\/v2\/types\/post"}],"author":[{"embeddable":true,"href":"http:\/\/www.acdc-bjj.net\/index.php\/wp-json\/wp\/v2\/users\/1"}],"replies":[{"embeddable":true,"href":"http:\/\/www.acdc-bjj.net\/index.php\/wp-json\/wp\/v2\/comments?post=353"}],"version-history":[{"count":4,"href":"http:\/\/www.acdc-bjj.net\/index.php\/wp-json\/wp\/v2\/posts\/353\/revisions"}],"predecessor-version":[{"id":362,"href":"http:\/\/www.acdc-bjj.net\/index.php\/wp-json\/wp\/v2\/posts\/353\/revisions\/362"}],"wp:attachment":[{"href":"http:\/\/www.acdc-bjj.net\/index.php\/wp-json\/wp\/v2\/media?parent=353"}],"wp:term":[{"taxonomy":"category","embeddable":true,"href":"http:\/\/www.acdc-bjj.net\/index.php\/wp-json\/wp\/v2\/categories?post=353"},{"taxonomy":"post_tag","embeddable":true,"href":"http:\/\/www.acdc-bjj.net\/index.php\/wp-json\/wp\/v2\/tags?post=353"}],"curies":[{"name":"wp","href":"https:\/\/api.w.org\/{rel}","templated":true}]}}